{"id":55871,"date":"2026-09-03T21:02:09","date_gmt":"2026-09-04T00:02:09","guid":{"rendered":"https:\/\/seried.com.br\/index.php\/2026\/09\/03\/dupla-de-luisa-stefani-vence-estreia-e-avanca-a-2a-rodada-do-us-open\/"},"modified":"2026-09-03T21:02:09","modified_gmt":"2026-09-04T00:02:09","slug":"dupla-de-luisa-stefani-vence-estreia-e-avanca-a-2a-rodada-do-us-open","status":"publish","type":"post","link":"https:\/\/seried.com.br\/index.php\/2026\/09\/03\/dupla-de-luisa-stefani-vence-estreia-e-avanca-a-2a-rodada-do-us-open\/","title":{"rendered":"Dupla de Luisa Stefani vence estreia e avan\u00e7a \u00e0 2\u00aa rodada do US Open"},"content":{"rendered":"<p><\/p>\n<div>\n<p>A tenista brasileira Luisa Stefani venceu com tranquilidade a estreia nas duplas femininas do US Open, em Nova York (Estados Unidos), jogando ao lado da canadense Gabriela Dabrowski. Elas avan\u00e7aram \u00e0 segunda rodada nesta quinta-feira (3) ap\u00f3s derrotarem a parceria da russa Irina Khromacheva com a tcheca-moldava Anastasia Detiuc por 2 sets a 0, com parciais de 6\/1 e 6\/3.<\/p>\n<p>As advers\u00e1rias na pr\u00f3xima rodada ser\u00e3o as vencedoras do duelo entre a dupla da italiana Sara Errani com a austr\u00edaca Lilli Tagger contra as norte-americanas \u00a0Anicka Penickova e Kristina Penickova. A partida ser\u00e1 nesta sexta-feira (4), em hor\u00e1rio ainda a ser definido.<\/p>\n<blockquote class=\"twitter-tweet\">\n<p dir=\"ltr\" lang=\"en\" xml:lang=\"en\">QUALIFICATION CONFIRMED \ud83d\udc4f<\/p>\n<p><strong><a href=\"https:\/\/mrnews.com.br\/index.php\/2026\/09\/03\/vasco-e-palmeiras-avancam-e-se-enfrentam-na-semi-da-copa-do-brasil\/\">Vasco e Palmeiras avan\u00e7am e se enfrentam na semi da Copa do Brasil<\/a><\/strong><\/p>\n<p><strong><a href=\"https:\/\/mrnews.com.br\/index.php\/2026\/09\/03\/flamengo-vence-e-fica-a-um-ponto-do-palmeiras-lider-do-brasileirao\/\">Flamengo vence e fica a um ponto do Palmeiras, l\u00edder do Brasileir\u00e3o<\/a><\/strong><\/p>\n<p>Gabriela Dabrowski &amp; Luisa Stefani confirm their place at the WTA Finals Indian Wells!<\/p>\n<p>Becoming champions in Dubai, Strasbourg &amp; Eastbourne, as well as finalists at Wimbledon, gets them a place on the #TheUltimateStage \ud83d\udcaa#WTAFinals <a href=\"https:\/\/t.co\/Pr1LYijt59\">pic.twitter.com\/Pr1LYijt59<\/a><\/p>\n<p>\u2014 wta (@WTA) September 3, 2026<\/p>\n<\/blockquote>\n<p>Antes mesmo da estreia em Nova York,\u00a0a parceria Brasil-Canad\u00e1 comemorou a classifica\u00e7\u00e3o antecipada para o WTA Finals, competi\u00e7\u00e3o com as oito melhores duplas da temporada, entre os dias 8 e 15 de novembro em Indian Wells, na Calif\u00f3rnia (EUA). Stefani e Dabrowski formam a segunda melhor dupla do ano com tr\u00eas t\u00edtulos (<strong>WTA 1000 de Dubai<\/strong>, <strong>WTA 500 de Estrasburgo<\/strong>) e WTA 250 de Eastbourne) e classifica\u00e7\u00e3o \u00e0 final de Wimbledon e \u00e0s semifinais do Aberto da Austr\u00e1lia e de Roland Garros.<\/p>\n<p><strong><a href=\"https:\/\/mrnews.com.br\/index.php\/2026\/09\/02\/mesmo-com-nota-10-medina-e-vice-campeao-da-etapa-de-fiji-da-wsl\/\">Mesmo com nota 10, Medina \u00e9 vice-campe\u00e3o da etapa de Fiji da WSL<\/a><\/strong><\/p>\n<p><strong><a href=\"https:\/\/mrnews.com.br\/index.php\/2026\/09\/02\/selecao-brasileira-tera-1a-convocacao-pos-copa-em-9-de-setembro\/\">Sele\u00e7\u00e3o brasileira ter\u00e1 1\u00aa convoca\u00e7\u00e3o p\u00f3s-Copa em 9 de setembro<\/a><\/strong><\/p>\n<p>No ano passado, Stefani foi vice-campe\u00e3 do WTA Finals na Ar\u00e1bia Saudita quando jogava em parceria com a\u00a0h\u00fangara Timea Babos.<\/p>\n<h2>Outros resultados<\/h2>\n<p>Primeira brasileira a estrear nesta quinta (3) no US Open foi Laura Pigossi em parceria com a h\u00fangara Panna Udvardy. No entanto, elas se despediram precocemente do torneio, ao serem superadas por 2 sets a 0 (6\/3 e 6\/0).<\/p>\n<h2>Estreias nesta sexta (4)<\/h2>\n<p>Cinco brasileiros entram em quadra nesta sexta (4) para a primeira rodada das duplas masculinas \u2013 os hor\u00e1rios seguem indefinidos. Ao lado do taiwan\u00eas Ray Ho, o ga\u00facho Marcelo Demoliner encara os norte-americanos Jackson Withrow e Nathaniel Lammons.<\/p>\n<p>A dupla 100% brasileira formada por Rafael Matos e Orlando Luz ter\u00e1 pela frente os norte-americanos Nikita Samuel Filin e Brandon Carpico.<\/p>\n<p>Ex-parciero de Rafael Matos nas quadras, o mineiro Marcelo Melo competir\u00e1 no US Open ao lado do australiano John Peers. Eles medir\u00e3o for\u00e7as com a dupla do s\u00e9rvio Miomir Kecmanovic com o australiano James Duckworth.<\/p>\n<p>Por fim, a parceria do carioca Fernando Romboli com o franc\u00eas T\u00e9rence Atmane encara os alem\u00e3es Kevin Krawietz e Tim Puetz.<\/p>\n<\/div>\n<p><script async src=\"\/\/platform.twitter.com\/widgets.js\" charset=\"utf-8\"><\/script><\/p>\n","protected":false},"excerpt":{"rendered":"<p>A tenista brasileira Luisa Stefani venceu com tranquilidade a estreia nas duplas femininas do US&#8230;<\/p>\n","protected":false},"author":3,"featured_media":51816,"comment_status":"","ping_status":"","sticky":false,"template":"","format":"standard","meta":{"_jetpack_newsletter_access":"","_jetpack_dont_email_post_to_subs":false,"_jetpack_newsletter_tier_id":0,"_jetpack_memberships_contains_paywalled_content":false,"_jetpack_feature_clip_id":0,"_jetpack_memberships_contains_paid_content":false,"footnotes":"","jetpack_publicize_message":"","jetpack_publicize_feature_enabled":true,"jetpack_social_post_already_shared":true,"jetpack_social_options":{"image_generator_settings":{"template":"highway","default_image_id":0,"font":"","enabled":false},"version":2},"jetpack_post_was_ever_published":false},"categories":[2],"tags":[],"class_list":["post-55871","post","type-post","status-publish","format-standard","has-post-thumbnail","hentry","category-jogos-ao-vivo"],"jetpack_publicize_connections":[],"jetpack_sharing_enabled":true,"amp_enabled":true,"jetpack_featured_media_url":"https:\/\/seried.com.br\/wp-content\/uploads\/2025\/02\/Screenshot_20250203_230809_Chrome.jpg","_links":{"self":[{"href":"https:\/\/seried.com.br\/index.php\/wp-json\/wp\/v2\/posts\/55871","targetHints":{"allow":["GET"]}}],"collection":[{"href":"https:\/\/seried.com.br\/index.php\/wp-json\/wp\/v2\/posts"}],"about":[{"href":"https:\/\/seried.com.br\/index.php\/wp-json\/wp\/v2\/types\/post"}],"author":[{"embeddable":true,"href":"https:\/\/seried.com.br\/index.php\/wp-json\/wp\/v2\/users\/3"}],"replies":[{"embeddable":true,"href":"https:\/\/seried.com.br\/index.php\/wp-json\/wp\/v2\/comments?post=55871"}],"version-history":[{"count":0,"href":"https:\/\/seried.com.br\/index.php\/wp-json\/wp\/v2\/posts\/55871\/revisions"}],"wp:featuredmedia":[{"embeddable":true,"href":"https:\/\/seried.com.br\/index.php\/wp-json\/wp\/v2\/media\/51816"}],"wp:attachment":[{"href":"https:\/\/seried.com.br\/index.php\/wp-json\/wp\/v2\/media?parent=55871"}],"wp:term":[{"taxonomy":"category","embeddable":true,"href":"https:\/\/seried.com.br\/index.php\/wp-json\/wp\/v2\/categories?post=55871"},{"taxonomy":"post_tag","embeddable":true,"href":"https:\/\/seried.com.br\/index.php\/wp-json\/wp\/v2\/tags?post=55871"}],"curies":[{"name":"wp","href":"https:\/\/api.w.org\/{rel}","templated":true}]}}