{"id":55302,"date":"2026-03-05T19:24:20","date_gmt":"2026-03-05T22:24:20","guid":{"rendered":"https:\/\/seried.com.br\/index.php\/2026\/03\/05\/barbieri-sofre-queda-em-pista-a-um-dia-da-abertura-da-paralimpiada\/"},"modified":"2026-03-05T19:24:20","modified_gmt":"2026-03-05T22:24:20","slug":"barbieri-sofre-queda-em-pista-a-um-dia-da-abertura-da-paralimpiada","status":"publish","type":"post","link":"https:\/\/seried.com.br\/index.php\/2026\/03\/05\/barbieri-sofre-queda-em-pista-a-um-dia-da-abertura-da-paralimpiada\/","title":{"rendered":"Barbieri sofre queda em pista, a um dia da abertura da Paralimp\u00edada"},"content":{"rendered":"<p><\/p>\n<div wp_automatic_readability=\"103.12486659552\">\n<p>O snowboarder brasileiro Andr\u00e9 Arenhart Barbieri sofreu uma queda durante o primeiro treino de contato com a pista de competi\u00e7\u00e3o em Cortina D\u201dAmpezzo (It\u00e1lia) e chegou a ser hospitalizado nesta quinta-feira (5), v\u00e9spera da abertura da Paralimp\u00edada de Inverno. O atleta sofreu uma concuss\u00e3o ao bater com a cabe\u00e7a, quando caiu numa das curvas do circuito. Ap\u00f3s passar por avalia\u00e7\u00e3o cl\u00ednica e exames, Barbieri recebeu alta e retornou \u00e0 Vila Paral\u00edmpica, onde seguir\u00e1 em observa\u00e7\u00e3o.<\/p>\n<p>O atleta ga\u00facho, de 44 anos, est\u00e1 fora do treino oficial de sexta (6) e tamb\u00e9m perder\u00e1 a tomada de tempo no s\u00e1bado (7), que vale a classifica\u00e7\u00e3o \u00e0s finais.\u00a0A expectativa do Comit\u00ea Paral\u00edmpico Brasileiro (CPB) \u00e9 que o atleta se recupere at\u00e9 14 de mar\u00e7o, quando ocorrer\u00e1 a disputa do banked slalom, uma modalidade do snowboard. \u00a0<\/p>\n<p>Al\u00e9m do atleta ga\u00facho de 44 anos, outros quatro competidores se acidentaram no mesmo trecho da pista na manh\u00e3 de hoje. Ap\u00f3s as quedas, os organizadores anteciparam o t\u00e9rmino da sess\u00e3o de treinos. Os incidentes ocorreram em as condi\u00e7\u00f5es desfavor\u00e1veis da neve nas Dolomitas italianas, devido a temperaturas acima da m\u00e9dia para o per\u00edodo (12\u00b0C durante o dia). O aumento do calor pode ser um dos fatores para a irregularidade da neve na pista.<\/p>\n<p><strong><a href=\"https:\/\/mrnews.com.br\/index.php\/2026\/03\/05\/presidente-da-cbat-cre-em-recorde-de-podios-nos-jogos-de-los-angeles\/\">Presidente da CBAt cr\u00ea em recorde de p\u00f3dios nos Jogos de Los Angeles<\/a><\/strong><\/p>\n<p><strong><a href=\"https:\/\/mrnews.com.br\/index.php\/2026\/03\/05\/palmeiras-derrota-novorizontino-e-fica-perto-do-titulo-paulista\/\">Palmeiras derrota Novorizontino e fica perto do t\u00edtulo paulista<\/a><\/strong><\/p>\n<blockquote class=\"instagram-media\" data-instgrm-captioned=\"\" data-instgrm-permalink=\"https:\/\/www.instagram.com\/p\/DVba8Nhjl-F\/?utm_source=ig_embed&amp;utm_campaign=loading\" data-instgrm-version=\"14\" style=\" background:#FFF; border:0; border-radius:3px; box-shadow:0 0 1px 0 rgba(0,0,0,0.5),0 1px 10px 0 rgba(0,0,0,0.15); margin: 1px; max-width:540px; min-width:326px; padding:0; width:99.375%; width:-webkit-calc(100% - 2px); width:calc(100% - 2px);\"><\/blockquote>\n<h2>Abertura dos Jogos Paral\u00edmpicos<\/h2>\n<p>Os esquiadores Cristian Ribera e Aline Rocha ser\u00e3o os porta-bandeiras do Brasil na cerim\u00f4nia de abertura nesta sexta (6), a partir das 16h (hor\u00e1rio de Bras\u00edlia), na Arena di Verona, no norte da It\u00e1lia. Eles competir\u00e3o no esqui cross-country e no biatlo sentado, assim como os compatriotas Wellington da Silva, Elena Regina, Guilherme Cruz Rocha e Robelson Lula. A delega\u00e7\u00e3o Amarelinha conta ainda com Vit\u00f3ria Machado no snowboard, al\u00e9m de Andr\u00e9 Barbieri.<\/p>\n<p>O Brasil estreia nos Jogos \u00e0s 6h de s\u00e1bado (7) com quatro representantes (Aline Rocha, Elena Sena, Guilherme Rocha e Robelson Lula) na prova de 7,5 quil\u00f4metros do biatlo sentado.<\/p>\n<h2>Programa\u00e7\u00e3o dos brasileiros em Mil\u00e3o-Cortina<\/h2>\n<p><strong>Sexta-feira (6)<\/strong><br \/>16h<strong> \u2013<\/strong>\u00a0Cerim\u00f4nia de Abertura<\/p>\n<p><strong>S\u00e1bado (7)<\/strong><br \/>6h <strong>\u2013<\/strong>\u00a0Biatlo \u2013 7,5km sprint \u2013 Finais sentado<br \/>Aline Rocha, Elena Sena, Guilherme Rocha e Robelson Lula<\/p>\n<p><strong><a href=\"https:\/\/mrnews.com.br\/index.php\/2026\/03\/04\/selecao-feminina-perde-de-2-a-1-para-venezuela-em-amistoso\/\">Sele\u00e7\u00e3o feminina perde de 2 a 1 para Venezuela em amistoso<\/a><\/strong><\/p>\n<p><strong><a href=\"https:\/\/mrnews.com.br\/index.php\/2026\/03\/04\/basquete-brasil-luta-mas-perde-para-china-antes-do-pre-mundial\/\">Basquete: Brasil luta, mas perde para China antes do Pr\u00e9-Mundial<\/a><\/strong><\/p>\n<p><strong>Domingo (8)<\/strong><br \/>6h<strong> \u2013<\/strong>\u00a0Biatlo \u2013 12.5km Individual \u2013 Finais sentado<br \/>Elena Sena, Guilherme Rocha e Robelson Lula<\/p>\n<p><strong>Ter\u00e7a (10)<\/strong><br \/>5h45<strong> \u2013<\/strong>\u00a0Esqui cross-country \u2013 Sprint Classic (Qualifica\u00e7\u00e3o)<br \/>Aline Rocha, Cristian Ribera, Elena Sena, Guilherme Rocha, Robelson Lula e Wellington da Silva<\/p>\n<p>8h15<strong> \u2013<\/strong>\u00a0Esqui cross-country \u2013 Sprint Classic \u2013 semifinal e final (se passarem)<br \/>Aline Rocha, Cristian Ribera, Elena Sena, Guilherme Rocha, Robelson Lula e Wellington da Silva<\/p>\n<p><strong>Quarta (11)\u00a0<\/strong><br \/>5h45<strong> \u2013<\/strong>\u00a0Esqui cross-country \u2013 10km Interval Start Classic \u2013 Finais sentado\/em p\u00e9<br \/>Aline Rocha, Cristian Ribera, Elena Sena, Guilherme Rocha, Robelson Lula e Wellington da Silva<\/p>\n<p><strong>Sexta (13)<\/strong><br \/>6h <strong>\u2013<\/strong>\u00a0Biatlo \u2013 Sprint Pursuit (Qualifica\u00e7\u00e3o)<br \/>Elena Sena, Guilherme Rocha e Robelson Lula<\/p>\n<p>8h30<strong> \u2013<\/strong>\u00a0Biatlo \u2013 Sprint Pursuit (Final )<br \/>Elena Sena, Guilherme Rocha e Robelson Lula<\/p>\n<p><strong>S\u00e1bado (14)<\/strong><br \/>6h <strong>\u2013\u00a0<\/strong>Esqui cross-country \u2013 Finais \u2013 Revezamento misto<br \/>4 x 2.5 km<\/p>\n<p>6h e 7h55<strong> \u2013\u00a0<\/strong>Snowboard \u2013 Banked Slalom \u2013 Finais<br \/>Andre Arenhart Barbieri e Vit\u00f3ria Machado<\/p>\n<p><strong>Domingo (15)<\/strong><br \/>5h00e 6h20<strong> \u2013\u00a0<\/strong>Esqui cross-country \u2013 20km Interval Start Free \u2013 Finais sentado e em p\u00e9<br \/>Aline Rocha, Cristian Ribera, Elena Sena, Guilherme Rocha, Robelson Lula e Wellington da Silva<\/p>\n<p>16h30<br \/>Cerim\u00f4nia de Encerramento<\/p>\n<\/div>\n<p><script async src=\"\/\/www.instagram.com\/embed.js\"><\/script><\/p>\n","protected":false},"excerpt":{"rendered":"<p>O snowboarder brasileiro Andr\u00e9 Arenhart Barbieri sofreu uma queda durante o primeiro treino de contato&#8230;<\/p>\n","protected":false},"author":3,"featured_media":51816,"comment_status":"","ping_status":"","sticky":false,"template":"","format":"standard","meta":{"_jetpack_memberships_contains_paid_content":false,"footnotes":"","jetpack_publicize_message":"","jetpack_publicize_feature_enabled":true,"jetpack_social_post_already_shared":true,"jetpack_social_options":{"image_generator_settings":{"template":"highway","default_image_id":0,"font":"","enabled":false},"version":2}},"categories":[2],"tags":[],"class_list":["post-55302","post","type-post","status-publish","format-standard","has-post-thumbnail","hentry","category-jogos-ao-vivo"],"jetpack_publicize_connections":[],"jetpack_featured_media_url":"https:\/\/seried.com.br\/wp-content\/uploads\/2025\/02\/Screenshot_20250203_230809_Chrome.jpg","jetpack_sharing_enabled":true,"amp_enabled":true,"_links":{"self":[{"href":"https:\/\/seried.com.br\/index.php\/wp-json\/wp\/v2\/posts\/55302","targetHints":{"allow":["GET"]}}],"collection":[{"href":"https:\/\/seried.com.br\/index.php\/wp-json\/wp\/v2\/posts"}],"about":[{"href":"https:\/\/seried.com.br\/index.php\/wp-json\/wp\/v2\/types\/post"}],"author":[{"embeddable":true,"href":"https:\/\/seried.com.br\/index.php\/wp-json\/wp\/v2\/users\/3"}],"replies":[{"embeddable":true,"href":"https:\/\/seried.com.br\/index.php\/wp-json\/wp\/v2\/comments?post=55302"}],"version-history":[{"count":0,"href":"https:\/\/seried.com.br\/index.php\/wp-json\/wp\/v2\/posts\/55302\/revisions"}],"wp:featuredmedia":[{"embeddable":true,"href":"https:\/\/seried.com.br\/index.php\/wp-json\/wp\/v2\/media\/51816"}],"wp:attachment":[{"href":"https:\/\/seried.com.br\/index.php\/wp-json\/wp\/v2\/media?parent=55302"}],"wp:term":[{"taxonomy":"category","embeddable":true,"href":"https:\/\/seried.com.br\/index.php\/wp-json\/wp\/v2\/categories?post=55302"},{"taxonomy":"post_tag","embeddable":true,"href":"https:\/\/seried.com.br\/index.php\/wp-json\/wp\/v2\/tags?post=55302"}],"curies":[{"name":"wp","href":"https:\/\/api.w.org\/{rel}","templated":true}]}}