{"id":55276,"date":"2026-02-27T18:59:08","date_gmt":"2026-02-27T21:59:08","guid":{"rendered":"https:\/\/seried.com.br\/index.php\/2026\/02\/27\/cbv-recorre-ao-stf-contra-lei-que-barra-atletas-trans-em-jogo-de-volei\/"},"modified":"2026-02-27T18:59:08","modified_gmt":"2026-02-27T21:59:08","slug":"cbv-recorre-ao-stf-contra-lei-que-barra-atletas-trans-em-jogo-de-volei","status":"publish","type":"post","link":"https:\/\/seried.com.br\/index.php\/2026\/02\/27\/cbv-recorre-ao-stf-contra-lei-que-barra-atletas-trans-em-jogo-de-volei\/","title":{"rendered":"CBV recorre ao STF contra lei que barra atletas trans em jogo de v\u00f4lei"},"content":{"rendered":"<p><\/p>\n<div wp_automatic_readability=\"58.65234375\">\n<p><strong>A Confedera\u00e7\u00e3o Brasileira de Voleibol (CBV) recorreu ao Supremo Tribunal Federal (STF) para suspender uma lei municipal de Londrina, no Paran\u00e1, que proibiu a participa\u00e7\u00e3o atletas transg\u00eaneros\u00a0em eventos esportivos na cidade. <\/strong>O pedido foi protocolado na \u00faltima quarta-feira (25).<\/p>\n<p><strong>A CBV alega que a norma, que entrou em vigor em 2024, interfere nos jogos das semifinais da Copa Brasil, que ser\u00e3o realizados, neste final da semana, no munic\u00edpio paranaense.<\/strong><\/p>\n<p><strong>A confedera\u00e7\u00e3o afirmou ao Supremo que a proibi\u00e7\u00e3o atinge a atleta Tiffany Abreu, a primeira mulher transg\u00eanero a disputar competi\u00e7\u00f5es de v\u00f4lei no pa\u00eds.<\/strong><\/p>\n<p><strong><a href=\"https:\/\/mrnews.com.br\/index.php\/2026\/02\/27\/lula-recebe-lucas-pinheiro-medalha-de-ouro-nos-jogos-de-inverno\/\">Lula recebe Lucas Pinheiro, medalha de ouro nos Jogos de Inverno<\/a><\/strong><\/p>\n<p><strong><a href=\"https:\/\/mrnews.com.br\/index.php\/2026\/02\/27\/flamengo-luta-mas-sucumbe-diante-do-lanus-e-perde-titulo-da-recopa\/\">Flamengo luta, mas sucumbe diante do Lan\u00fas e perde t\u00edtulo da Recopa<\/a><\/strong><\/p>\n<p>Ela \u00e9 atleta do Osasco S\u00e3o Crist\u00f3v\u00e3o Sa\u00fade, que tem partida marcada para esta sexta-feira (27) contra o Sesc RJ Flamengo, no gin\u00e1sio do Moring\u00e3o, em Londrina.<\/p>\n<p>&gt;&gt; Siga o canal da <strong>Ag\u00eancia Brasil <\/strong>no WhatsApp<\/p>\n<p>Ao pedir a suspens\u00e3o da lei, a confedera\u00e7\u00e3o disse que Tiffany j\u00e1 disputa a competi\u00e7\u00e3o regulamente e ser\u00e1 prejudicada pela norma.<\/p>\n<p>\u201cNo \u00e2mbito desportivo, cumpre informar que a atleta Tiffany est\u00e1 devidamente registrada e apta a atuar pelo Osasco na competi\u00e7\u00e3o, tendo participado das \u00faltimas partidas sem qualquer intercorr\u00eancia, observando-se os termos dos regulamentos e normas de registro editados pela CBV, que autorizam a participa\u00e7\u00e3o de atletas trans nas competi\u00e7\u00f5es nacionais, cumpridos os requisitos da pol\u00edtica de elegibilidade da CBV\u201d, argumentou a entidade.<\/p>\n<p><strong><a href=\"https:\/\/mrnews.com.br\/index.php\/2026\/02\/26\/neymar-brilha-e-santos-vence-primeira-no-campeonato-brasileiro\/\">Neymar brilha e Santos vence primeira no Campeonato Brasileiro<\/a><\/strong><\/p>\n<p><strong><a href=\"https:\/\/mrnews.com.br\/index.php\/2026\/02\/26\/brasil-estreia-em-grand-slam-de-judo-no-uzbequistao-nesta-madrugada\/\">Brasil estreia em Grand Slam de jud\u00f4 no Uzbequist\u00e3o nesta madrugada<\/a><\/strong><\/p>\n<p><strong>A a\u00e7\u00e3o \u00e9 relatada pela ministra C\u00e1rmen L\u00facia.<\/strong><\/p>\n<p><strong>Em nota, o Osasco S\u00e3o Crist\u00f3v\u00e3o Sa\u00fade afirmou que Tifanny atua profissionalmente h\u00e1 mais de oito anos, tem conduta exemplar e cumpre rigorosamente os crit\u00e9rios m\u00e9dicos estabelecidos pela CBV.<\/strong><\/p>\n<blockquote wp_automatic_readability=\"12\">\n<p>\u201cNosso clube se pauta pelos valores do esporte, que agregam a inclus\u00e3o, a diversidade e o respeito a todos os indiv\u00edduos. Apoiamos integralmente a nossa atleta e defendemos seu direito constitucional ao trabalho e ao exerc\u00edcio de sua profiss\u00e3o, livre de qualquer forma de discrimina\u00e7\u00e3o\u201d, declarou a equipe.<\/p>\n<\/blockquote>\n<p>\u00a0<\/p>\n<\/div>\n","protected":false},"excerpt":{"rendered":"<p>A Confedera\u00e7\u00e3o Brasileira de Voleibol (CBV) recorreu ao Supremo Tribunal Federal (STF) para suspender uma&#8230;<\/p>\n","protected":false},"author":3,"featured_media":51816,"comment_status":"","ping_status":"","sticky":false,"template":"","format":"standard","meta":{"_jetpack_memberships_contains_paid_content":false,"footnotes":"","jetpack_publicize_message":"","jetpack_publicize_feature_enabled":true,"jetpack_social_post_already_shared":true,"jetpack_social_options":{"image_generator_settings":{"template":"highway","default_image_id":0,"font":"","enabled":false},"version":2}},"categories":[2],"tags":[],"class_list":["post-55276","post","type-post","status-publish","format-standard","has-post-thumbnail","hentry","category-jogos-ao-vivo"],"jetpack_publicize_connections":[],"jetpack_featured_media_url":"https:\/\/seried.com.br\/wp-content\/uploads\/2025\/02\/Screenshot_20250203_230809_Chrome.jpg","jetpack_sharing_enabled":true,"amp_enabled":true,"_links":{"self":[{"href":"https:\/\/seried.com.br\/index.php\/wp-json\/wp\/v2\/posts\/55276","targetHints":{"allow":["GET"]}}],"collection":[{"href":"https:\/\/seried.com.br\/index.php\/wp-json\/wp\/v2\/posts"}],"about":[{"href":"https:\/\/seried.com.br\/index.php\/wp-json\/wp\/v2\/types\/post"}],"author":[{"embeddable":true,"href":"https:\/\/seried.com.br\/index.php\/wp-json\/wp\/v2\/users\/3"}],"replies":[{"embeddable":true,"href":"https:\/\/seried.com.br\/index.php\/wp-json\/wp\/v2\/comments?post=55276"}],"version-history":[{"count":0,"href":"https:\/\/seried.com.br\/index.php\/wp-json\/wp\/v2\/posts\/55276\/revisions"}],"wp:featuredmedia":[{"embeddable":true,"href":"https:\/\/seried.com.br\/index.php\/wp-json\/wp\/v2\/media\/51816"}],"wp:attachment":[{"href":"https:\/\/seried.com.br\/index.php\/wp-json\/wp\/v2\/media?parent=55276"}],"wp:term":[{"taxonomy":"category","embeddable":true,"href":"https:\/\/seried.com.br\/index.php\/wp-json\/wp\/v2\/categories?post=55276"},{"taxonomy":"post_tag","embeddable":true,"href":"https:\/\/seried.com.br\/index.php\/wp-json\/wp\/v2\/tags?post=55276"}],"curies":[{"name":"wp","href":"https:\/\/api.w.org\/{rel}","templated":true}]}}