{"id":55275,"date":"2026-02-27T15:55:11","date_gmt":"2026-02-27T18:55:11","guid":{"rendered":"https:\/\/seried.com.br\/index.php\/2026\/02\/27\/lula-recebe-lucas-pinheiro-medalha-de-ouro-nos-jogos-de-inverno\/"},"modified":"2026-02-27T15:55:11","modified_gmt":"2026-02-27T18:55:11","slug":"lula-recebe-lucas-pinheiro-medalha-de-ouro-nos-jogos-de-inverno","status":"publish","type":"post","link":"https:\/\/seried.com.br\/index.php\/2026\/02\/27\/lula-recebe-lucas-pinheiro-medalha-de-ouro-nos-jogos-de-inverno\/","title":{"rendered":"Lula recebe Lucas Pinheiro, medalha de ouro nos Jogos de Inverno"},"content":{"rendered":"<p><\/p>\n<div wp_automatic_readability=\"67.335407795611\">\n<p><strong>O presidente Luiz In\u00e1cio Lula da Silva recebeu, na manh\u00e3 desta sexta-feira (27), o atleta Lucas Pinheiro Braathen, medalha de ouro nos Jogos Ol\u00edmpicos de Inverno Mil\u00e3o \u2013 Cortina 2026, na modalidade Esqui Alpino Slalom Gigante.<\/strong><\/p>\n<p>O governo aproveitou o encontro para anunciar que uma das principais pol\u00edticas p\u00fablicas federais voltadas a incentivar a pr\u00e1tica desportiva \u2013 a Lei de Incentivo ao Esporte (LIE) \u2013 n\u00e3o precisar\u00e1 mais ser renovada a cada cinco anos.<\/p>\n<p>Na conversa que teve com o presidente Lula, Lucas falou sobre as dificuldades que passou pela \u201cdualidade de identidade\u201d, uma vez que seu pai \u00e9 noruegu\u00eas e sua m\u00e3e, brasileira.<\/p>\n<p><strong><a href=\"https:\/\/mrnews.com.br\/index.php\/2026\/02\/27\/flamengo-luta-mas-sucumbe-diante-do-lanus-e-perde-titulo-da-recopa\/\">Flamengo luta, mas sucumbe diante do Lan\u00fas e perde t\u00edtulo da Recopa<\/a><\/strong><\/p>\n<p><strong><a href=\"https:\/\/mrnews.com.br\/index.php\/2026\/02\/26\/neymar-brilha-e-santos-vence-primeira-no-campeonato-brasileiro\/\">Neymar brilha e Santos vence primeira no Campeonato Brasileiro<\/a><\/strong><\/p>\n<p>Segundo o atleta, essa mistura cultural acabou por refor\u00e7ar ainda mais sua identidade brasileira, uma vez que o Brasil \u00e9 caracterizado exatamente pela diversidade de sua popula\u00e7\u00e3o.<\/p>\n<p>&gt;&gt; Siga o canal da <strong>Ag\u00eancia Brasil <\/strong>no WhatsApp<\/p>\n<h2>\u201cDiversidade \u00e9 poder\u201d<\/h2>\n<blockquote wp_automatic_readability=\"9\">\n<p>\u201cEu aprendi que a diversidade \u00e9 o nosso poder. Sou orgulhoso de ser brasileiro. Sou metade noruegu\u00eas, e isso [essa mistura] representa a realidade brasileira. A gente \u00e9 um pa\u00eds que tem muita diversidade para oferecer. Isso \u00e9 o poder de nossa cultura\u201d, disse o atleta.<\/p>\n<\/blockquote>\n<p>Lucas agradeceu a oportunidade de representar o Brasil nos Jogos Ol\u00edmpicos. \u201cPara mim, a medalha de ouro verdadeira \u00e9 o que essa medalha representa: as nossas diferen\u00e7as \u00e9 o nosso superpoder\u201d, acrescentou. O presidente afirmou que a decis\u00e3o de Lucas em escolher representar o Brasil\u00a0 \u201c\u00e9 motivo de orgulho\u201d para o povo brasileiro, e que o atleta se transformou em uma figura muito especial para todos.<\/p>\n<p><strong><a href=\"https:\/\/mrnews.com.br\/index.php\/2026\/02\/26\/brasil-estreia-em-grand-slam-de-judo-no-uzbequistao-nesta-madrugada\/\">Brasil estreia em Grand Slam de jud\u00f4 no Uzbequist\u00e3o nesta madrugada<\/a><\/strong><\/p>\n<p><strong><a href=\"https:\/\/mrnews.com.br\/index.php\/2026\/02\/26\/dupla-calderashi-poe-brasil-em-final-inedita-no-smash-de-singapura\/\">Dupla \u201cCalderashi\u201d p\u00f5e Brasil em final in\u00e9dita no Smash de Singapura<\/a><\/strong><\/p>\n<blockquote wp_automatic_readability=\"7\">\n<p>\u201cVoc\u00ea \u00e9 mais brasileiro do que muita gente que mora aqui no Brasil e que n\u00e3o tem orgulho desse pa\u00eds\u201d, acrescentou o presidente.<\/p>\n<\/blockquote>\n<p>Lula perguntou ao atleta o que o motivou a representar o Brasil e n\u00e3o a Noruega. Lucas respondeu que o que motivou foi \u201cmanter a conex\u00e3o com meu prop\u00f3sito, que \u00e9 mais profundo do que essa medalha: \u00e9 inspirar as pr\u00f3ximas gera\u00e7\u00f5es a terem coragem de seguir os pr\u00f3prios sonhos, do jeito que eles s\u00e3o\u201d.<\/p>\n<div class=\"dnd-widget-wrapper context-cheio_8colunas type-image\" wp_automatic_readability=\"7.5\">\n<div class=\"dnd-caption-wrapper\" wp_automatic_readability=\"10\">\n<p><!--copyright=453579-->Jogos Ol\u00edmpicos de Inverno, Lucas Pinheiro Braathen, slalom gigante \u2013 <strong>Rafael Bello\/COB\/Direitos Reservados<\/strong><!--END copyright=453579--><\/p>\n<\/div>\n<\/div>\n<h2>Lei de Incentivo ao Esporte<\/h2>\n<p>O ministro do Esporte, Andr\u00e9 Fufuca, aproveitou o encontro para anunciar as mudan\u00e7as na Lei de Incentivo ao Esporte.<\/p>\n<p>\u201cHoje, a gente fez quest\u00e3o de aproveitar a sua vinda ao Pal\u00e1cio para assinar a perenidade dessa lei\u201d, disse ele, referindo-se \u00e0 pol\u00edtica p\u00fablica federal que permite pessoas f\u00edsicas e jur\u00eddicas direcionarem parte do Imposto de Renda devido para financiar projetos esportivos aprovados pelo Minist\u00e9rio do Esporte.<\/p>\n<p>As mudan\u00e7as foram assinadas durante a cerim\u00f4nia, e aguardam publica\u00e7\u00e3o para entrar em vigor.<\/p>\n<\/div>\n","protected":false},"excerpt":{"rendered":"<p>O presidente Luiz In\u00e1cio Lula da Silva recebeu, na manh\u00e3 desta sexta-feira (27), o atleta&#8230;<\/p>\n","protected":false},"author":3,"featured_media":51816,"comment_status":"","ping_status":"","sticky":false,"template":"","format":"standard","meta":{"_jetpack_memberships_contains_paid_content":false,"footnotes":"","jetpack_publicize_message":"","jetpack_publicize_feature_enabled":true,"jetpack_social_post_already_shared":true,"jetpack_social_options":{"image_generator_settings":{"template":"highway","default_image_id":0,"font":"","enabled":false},"version":2}},"categories":[2],"tags":[],"class_list":["post-55275","post","type-post","status-publish","format-standard","has-post-thumbnail","hentry","category-jogos-ao-vivo"],"jetpack_publicize_connections":[],"jetpack_featured_media_url":"https:\/\/seried.com.br\/wp-content\/uploads\/2025\/02\/Screenshot_20250203_230809_Chrome.jpg","jetpack_sharing_enabled":true,"amp_enabled":true,"_links":{"self":[{"href":"https:\/\/seried.com.br\/index.php\/wp-json\/wp\/v2\/posts\/55275","targetHints":{"allow":["GET"]}}],"collection":[{"href":"https:\/\/seried.com.br\/index.php\/wp-json\/wp\/v2\/posts"}],"about":[{"href":"https:\/\/seried.com.br\/index.php\/wp-json\/wp\/v2\/types\/post"}],"author":[{"embeddable":true,"href":"https:\/\/seried.com.br\/index.php\/wp-json\/wp\/v2\/users\/3"}],"replies":[{"embeddable":true,"href":"https:\/\/seried.com.br\/index.php\/wp-json\/wp\/v2\/comments?post=55275"}],"version-history":[{"count":0,"href":"https:\/\/seried.com.br\/index.php\/wp-json\/wp\/v2\/posts\/55275\/revisions"}],"wp:featuredmedia":[{"embeddable":true,"href":"https:\/\/seried.com.br\/index.php\/wp-json\/wp\/v2\/media\/51816"}],"wp:attachment":[{"href":"https:\/\/seried.com.br\/index.php\/wp-json\/wp\/v2\/media?parent=55275"}],"wp:term":[{"taxonomy":"category","embeddable":true,"href":"https:\/\/seried.com.br\/index.php\/wp-json\/wp\/v2\/categories?post=55275"},{"taxonomy":"post_tag","embeddable":true,"href":"https:\/\/seried.com.br\/index.php\/wp-json\/wp\/v2\/tags?post=55275"}],"curies":[{"name":"wp","href":"https:\/\/api.w.org\/{rel}","templated":true}]}}