{"id":54502,"date":"2025-07-14T19:44:26","date_gmt":"2025-07-14T22:44:26","guid":{"rendered":"https:\/\/seried.com.br\/index.php\/2025\/07\/14\/jogos-de-los-angeles-define-calendario-provisorio-a-3-anos-da-abertura\/"},"modified":"2025-07-14T19:44:26","modified_gmt":"2025-07-14T22:44:26","slug":"jogos-de-los-angeles-define-calendario-provisorio-a-3-anos-da-abertura","status":"publish","type":"post","link":"https:\/\/seried.com.br\/index.php\/2025\/07\/14\/jogos-de-los-angeles-define-calendario-provisorio-a-3-anos-da-abertura\/","title":{"rendered":"Jogos de Los Angeles define calend\u00e1rio provis\u00f3rio a 3 anos da abertura"},"content":{"rendered":"<p><\/p>\n<div wp_automatic_readability=\"61.197007481297\">\n<p>A exatos tr\u00eas anos da abertura dos Jogos de Los Angeles 2028 (LA 28), o comit\u00ea organizador da Olimp\u00edada divulgou a primeira vers\u00e3o do calend\u00e1rio detalhado das competi\u00e7\u00f5es. Diferentemente das edi\u00e7\u00f5es anteriores, as provas de atletismo ocorrer\u00e3o na primeira semana do evento e as de nata\u00e7\u00e3o na segunda \u2013 originalmente era o contr\u00e1rio.<\/p>\n<p>A troca foi necess\u00e1ria devido ao local de provas da nata\u00e7\u00e3o, o So-Fi Stadium, que tamb\u00e9m ser\u00e1 palco da cerim\u00f4nia de abertura no dia 14 de julho, juntamente com o LA Memorial Coliseum, a partir das 21h (hor\u00e1rio de Bras\u00edlia). \u00a0Segundo os organizadores, ap\u00f3s a cerim\u00f4nia, o So-Fi Stadium, em Inglewood, precisar\u00e1 de alguns dias para ser adaptado a fim de receber as provas de nata\u00e7\u00e3o.<\/p>\n<p>Outra novidade \u00e9 a inclus\u00e3o de mais quatro modalidades \u2013 basquete, polo aqu\u00e1tico, cr\u00edquete e h\u00f3quei na grama \u2013 entre os esportes coletivos com jogos de estreia antes mesmo da abertura dos Jogos. Os demais s\u00e3o futebol, handebol e o rugby sevens.<\/p>\n<p><strong><a href=\"https:\/\/mrnews.com.br\/index.php\/2025\/07\/14\/adaptacao-a-altitude-refletira-no-desempenho-da-selecao-diz-elias\/\">Adapta\u00e7\u00e3o \u00e0 altitude refletir\u00e1 no desempenho da sele\u00e7\u00e3o, diz Elias<\/a><\/strong><\/p>\n<p><strong><a href=\"https:\/\/mrnews.com.br\/index.php\/2025\/07\/14\/brasil-inicia-copa-america-com-vitoria-de-2-a-0-sobre-a-venezuela\/\">Brasil inicia Copa Am\u00e9rica com vit\u00f3ria de 2 a 0 sobre a Venezuela<\/a><\/strong><\/p>\n<blockquote wp_automatic_readability=\"8\">\n<p>\u201cO calend\u00e1rio das competi\u00e7\u00f5es ol\u00edmpicas foi meticulosamente desenvolvido para garantir que os melhores atletas do mundo possam competir em Los Angeles\u201d, disse em comunicado oficial o diretor-executivo da LA28 Reynold Hoover.<\/p>\n<\/blockquote>\n<blockquote class=\"twitter-tweet\" wp_automatic_readability=\"9.4609164420485\">\n<p dir=\"ltr\" lang=\"en\" xml:lang=\"en\">No more gatekeeping. \ud83e\udd2d<\/p>\n<p>The official LA28 Olympic competition schedule is out!<\/p>\n<p>Head to https:\/\/t.co\/bfjqPaP3Gj to check out when your favorite sports will take place in 2028. <a href=\"https:\/\/t.co\/5cxONhFoko\">pic.twitter.com\/5cxONhFoko<\/a><\/p>\n<p><strong><a href=\"https:\/\/mrnews.com.br\/index.php\/2025\/07\/13\/sob-a-batuta-de-palmer-chelsea-derrota-psg-para-conquistar-o-mundo\/\">Sob a batuta de Palmer, Chelsea derrota PSG para conquistar o mundo<\/a><\/strong><\/p>\n<p><strong><a href=\"https:\/\/mrnews.com.br\/index.php\/2025\/07\/13\/rayssa-leal-brilha-em-brasilia-para-ficar-com-titulo-de-etapa-da-sls\/\">Rayssa Leal brilha em Bras\u00edlia para ficar com t\u00edtulo de etapa da SLS<\/a><\/strong><\/p>\n<p>\u2014 LA28 (@LA28) <a href=\"https:\/\/twitter.com\/LA28\/status\/1944793134925537707?ref_src=twsrc%5Etfw\" target=\"_blank\" rel=\"noopener\">July 14, 2025<\/a><\/p>\n<\/blockquote>\n<p>Tamb\u00e9m houve mudan\u00e7a em rela\u00e7\u00e3o ao esporte que conceder\u00e1 a primeira medalha ol\u00edmpica. Tradicionalmente os atletas do tiro esportivo eram os primeiros a subir ao p\u00f3dio, mas nos Jogos de Angeles 2028 as primeiras ser\u00e3o distribu\u00eddas aos melhores competidores do triatlo, na manh\u00e3 de 15 de julho, em Venice Beach.<\/p>\n<p>J\u00e1 a maratona seguir\u00e1 tradicionalmente no \u00faltimo fim de semana dos Jogos, no LA Memorial Coliseum. \u00a0A expectativa \u00e9 de que o 15\u00ba dia dos Jogos concentre a maior distribui\u00e7\u00e3o de medalhas, com 16 finais de esportes coletivo e 19 finais de modalidades individuais. A cerim\u00f4nia de encerramento est\u00e1 programada para 30 de julho, no La Memorial Coliseum, a partir de meia-noite (hor\u00e1rio de Bras\u00edlia).<\/p>\n<p>O calend\u00e1rio de LA28 foi elaborado em parceria com Comit\u00ea Ol\u00edmpico Internacional (COI), as federa\u00e7\u00f5es internacionais e o Olympic Broadcasting Services (servi\u00e7os de transmiss\u00e3o ol\u00edmpica).\u00a0Segundo os organizadores, o cronograma com detalhamento completo ser\u00e1 divulgado ainda este ano.<\/p>\n<\/div>\n<p><script async src=\"\/\/platform.twitter.com\/widgets.js\" charset=\"utf-8\"><\/script><\/p>\n","protected":false},"excerpt":{"rendered":"<p>A exatos tr\u00eas anos da abertura dos Jogos de Los Angeles 2028 (LA 28), o&#8230;<\/p>\n","protected":false},"author":3,"featured_media":51816,"comment_status":"","ping_status":"","sticky":false,"template":"","format":"standard","meta":{"_jetpack_memberships_contains_paid_content":false,"footnotes":"","jetpack_publicize_message":"","jetpack_publicize_feature_enabled":true,"jetpack_social_post_already_shared":true,"jetpack_social_options":{"image_generator_settings":{"template":"highway","default_image_id":0,"font":"","enabled":false},"version":2}},"categories":[2],"tags":[],"class_list":["post-54502","post","type-post","status-publish","format-standard","has-post-thumbnail","hentry","category-jogos-ao-vivo"],"jetpack_publicize_connections":[],"jetpack_featured_media_url":"https:\/\/seried.com.br\/wp-content\/uploads\/2025\/02\/Screenshot_20250203_230809_Chrome.jpg","jetpack_sharing_enabled":true,"amp_enabled":true,"_links":{"self":[{"href":"https:\/\/seried.com.br\/index.php\/wp-json\/wp\/v2\/posts\/54502","targetHints":{"allow":["GET"]}}],"collection":[{"href":"https:\/\/seried.com.br\/index.php\/wp-json\/wp\/v2\/posts"}],"about":[{"href":"https:\/\/seried.com.br\/index.php\/wp-json\/wp\/v2\/types\/post"}],"author":[{"embeddable":true,"href":"https:\/\/seried.com.br\/index.php\/wp-json\/wp\/v2\/users\/3"}],"replies":[{"embeddable":true,"href":"https:\/\/seried.com.br\/index.php\/wp-json\/wp\/v2\/comments?post=54502"}],"version-history":[{"count":0,"href":"https:\/\/seried.com.br\/index.php\/wp-json\/wp\/v2\/posts\/54502\/revisions"}],"wp:featuredmedia":[{"embeddable":true,"href":"https:\/\/seried.com.br\/index.php\/wp-json\/wp\/v2\/media\/51816"}],"wp:attachment":[{"href":"https:\/\/seried.com.br\/index.php\/wp-json\/wp\/v2\/media?parent=54502"}],"wp:term":[{"taxonomy":"category","embeddable":true,"href":"https:\/\/seried.com.br\/index.php\/wp-json\/wp\/v2\/categories?post=54502"},{"taxonomy":"post_tag","embeddable":true,"href":"https:\/\/seried.com.br\/index.php\/wp-json\/wp\/v2\/tags?post=54502"}],"curies":[{"name":"wp","href":"https:\/\/api.w.org\/{rel}","templated":true}]}}